{"id":833,"date":"2026-09-03T14:43:25","date_gmt":"2026-09-03T12:43:25","guid":{"rendered":"https:\/\/dinrost.goteborg.se\/?p=833"},"modified":"2026-09-03T14:43:25","modified_gmt":"2026-09-03T12:43:25","slug":"300-besokte-funktionsstodsdagarna","status":"publish","type":"post","link":"https:\/\/dinrost.goteborg.se\/?p=833","title":{"rendered":"300 bes\u00f6kte funktionsst\u00f6dsdagarna"},"content":{"rendered":"\n<figure class=\"wp-block-image size-full\"><img loading=\"lazy\" decoding=\"async\" width=\"800\" height=\"600\" src=\"https:\/\/dinrost.goteborg.se\/wp-content\/uploads\/2026\/09\/784928654_122317192400064771_1993239700400500343_n.jpg\" alt=\"\" class=\"wp-image-834\" srcset=\"https:\/\/dinrost.goteborg.se\/wp-content\/uploads\/2026\/09\/784928654_122317192400064771_1993239700400500343_n.jpg 800w, https:\/\/dinrost.goteborg.se\/wp-content\/uploads\/2026\/09\/784928654_122317192400064771_1993239700400500343_n-300x225.jpg 300w, https:\/\/dinrost.goteborg.se\/wp-content\/uploads\/2026\/09\/784928654_122317192400064771_1993239700400500343_n-768x576.jpg 768w\" sizes=\"auto, (max-width: 800px) 100vw, 800px\" \/><\/figure>\n\n\n\n<p class=\"wp-block-paragraph\"><\/p>\n\n\n\n<h2 class=\"wp-block-heading\"><strong>Din r\u00f6st \u2013 ditt val!<\/strong><\/h2>\n\n\n\n<p class=\"wp-block-paragraph\">I augusti ordnade f\u00f6rvaltningen f\u00f6r funktionsst\u00f6d tre dagar om valet.<br>Dagarna var p\u00e5 tre olika platser i G\u00f6teborg.<\/p>\n\n\n\n<p class=\"wp-block-paragraph\">Cirka 300 personer bes\u00f6kte dagarna.<\/p>\n\n\n\n<h3 class=\"wp-block-heading\"><strong>Varf\u00f6r ordnade vi dagarna?<\/strong><\/h3>\n\n\n\n<p class=\"wp-block-paragraph\">G\u00f6teborgs Stad vill att fler personer med funktionsneds\u00e4ttning ska:<\/p>\n\n\n\n<ul class=\"wp-block-list\">\n<li>f\u00e5 kunskap om valet<\/li>\n\n\n\n<li>k\u00e4nna sig trygga med att r\u00f6sta<\/li>\n\n\n\n<li>kunna vara med och p\u00e5verka.<\/li>\n<\/ul>\n\n\n\n<p class=\"wp-block-paragraph\">N\u00e4sta val \u00e4r den 13 september.<\/p>\n\n\n\n<h3 class=\"wp-block-heading\"><strong>Bes\u00f6karna fick l\u00e4ra sig om valet<\/strong><\/h3>\n\n\n\n<p class=\"wp-block-paragraph\">Under dagarna kunde bes\u00f6karna lyssna p\u00e5 f\u00f6rel\u00e4sningar och st\u00e4lla fr\u00e5gor.<\/p>\n\n\n\n<p class=\"wp-block-paragraph\">Personer med egen erfarenhet av funktionsneds\u00e4ttning ber\u00e4ttade om sina liv. Personer fr\u00e5n dagliga verksamheter upptr\u00e4dde.<\/p>\n\n\n\n<p class=\"wp-block-paragraph\">Valambassad\u00f6rer ber\u00e4ttade hur det g\u00e5r till att r\u00f6sta och svarade p\u00e5 fr\u00e5gor om valet.<\/p>\n\n\n\n<h3 class=\"wp-block-heading\"><strong>M\u00e5nga provade att r\u00f6sta<\/strong><\/h3>\n\n\n\n<p class=\"wp-block-paragraph\">Ungef\u00e4r h\u00e4lften av bes\u00f6karna var med i ett prova-p\u00e5-val.<\/p>\n\n\n\n<p class=\"wp-block-paragraph\">De fick prova att:<\/p>\n\n\n\n<ul class=\"wp-block-list\">\n<li>v\u00e4lja en valsedel<\/li>\n\n\n\n<li>g\u00e5 in i ett valb\u00e5s<\/li>\n\n\n\n<li>l\u00e4mna sin r\u00f6st till en r\u00f6stmottagare.<\/li>\n<\/ul>\n\n\n\n<p class=\"wp-block-paragraph\">Efter\u00e5t fick bes\u00f6karna se hur r\u00f6sterna r\u00e4knades och hur resultatet blev klart.<\/p>\n\n\n\n<p class=\"wp-block-paragraph\">Att prova p\u00e5 kan g\u00f6ra det l\u00e4ttare att k\u00e4nna sig trygg p\u00e5 valdagen.<\/p>\n\n\n\n<h3 class=\"wp-block-heading\"><strong>Politiker svarade p\u00e5 fr\u00e5gor<\/strong><\/h3>\n\n\n\n<p class=\"wp-block-paragraph\">Politiker fr\u00e5n de nio partierna i G\u00f6teborgs kommunfullm\u00e4ktige var med i ett samtal.<\/p>\n\n\n\n<p class=\"wp-block-paragraph\">De ber\u00e4ttade vilka fr\u00e5gor som \u00e4r viktigast f\u00f6r deras partier. De svarade ocks\u00e5 p\u00e5 fr\u00e5gor fr\u00e5n bes\u00f6karna.<\/p>\n\n\n\n<h3 class=\"wp-block-heading\"><strong>Din r\u00f6st \u00e4r viktig<\/strong><\/h3>\n\n\n\n<p class=\"wp-block-paragraph\">Vi hoppas att dagarna har gett fler personer kunskap om valet och gjort det l\u00e4ttare att r\u00f6sta.<\/p>\n\n\n\n<p class=\"wp-block-paragraph\">Demokratin blir starkare n\u00e4r alla kan vara med och p\u00e5verka.<\/p>\n\n\n\n<p class=\"wp-block-paragraph\"><strong>Din r\u00f6st \u00e4r viktig. Anv\u00e4nd den!<\/strong><\/p>\n\n\n\n<p class=\"wp-block-paragraph\"><\/p>\n","protected":false},"excerpt":{"rendered":"<p>Din r\u00f6st \u2013 ditt val! I augusti ordnade f\u00f6rvaltningen f\u00f6r funktionsst\u00f6d tre dagar om valet.Dagarna var p\u00e5 tre olika platser i G\u00f6teborg. Cirka 300 personer bes\u00f6kte dagarna. Varf\u00f6r ordnade vi dagarna? G\u00f6teborgs Stad vill att fler personer med funktionsneds\u00e4ttning ska: N\u00e4sta val \u00e4r den 13 september. Bes\u00f6karna fick l\u00e4ra sig om valet Under dagarna kunde &hellip; <a href=\"https:\/\/dinrost.goteborg.se\/?p=833\" class=\"more-link\">Forts\u00e4tt l\u00e4sa <span class=\"screen-reader-text\">300 bes\u00f6kte funktionsst\u00f6dsdagarna<\/span><\/a><\/p>\n","protected":false},"author":3,"featured_media":0,"comment_status":"closed","ping_status":"","sticky":false,"template":"","format":"standard","meta":{"footnotes":""},"categories":[1],"tags":[],"class_list":["post-833","post","type-post","status-publish","format-standard","hentry","category-okategoriserade"],"_links":{"self":[{"href":"https:\/\/dinrost.goteborg.se\/index.php?rest_route=\/wp\/v2\/posts\/833","targetHints":{"allow":["GET"]}}],"collection":[{"href":"https:\/\/dinrost.goteborg.se\/index.php?rest_route=\/wp\/v2\/posts"}],"about":[{"href":"https:\/\/dinrost.goteborg.se\/index.php?rest_route=\/wp\/v2\/types\/post"}],"author":[{"embeddable":true,"href":"https:\/\/dinrost.goteborg.se\/index.php?rest_route=\/wp\/v2\/users\/3"}],"replies":[{"embeddable":true,"href":"https:\/\/dinrost.goteborg.se\/index.php?rest_route=%2Fwp%2Fv2%2Fcomments&post=833"}],"version-history":[{"count":1,"href":"https:\/\/dinrost.goteborg.se\/index.php?rest_route=\/wp\/v2\/posts\/833\/revisions"}],"predecessor-version":[{"id":835,"href":"https:\/\/dinrost.goteborg.se\/index.php?rest_route=\/wp\/v2\/posts\/833\/revisions\/835"}],"wp:attachment":[{"href":"https:\/\/dinrost.goteborg.se\/index.php?rest_route=%2Fwp%2Fv2%2Fmedia&parent=833"}],"wp:term":[{"taxonomy":"category","embeddable":true,"href":"https:\/\/dinrost.goteborg.se\/index.php?rest_route=%2Fwp%2Fv2%2Fcategories&post=833"},{"taxonomy":"post_tag","embeddable":true,"href":"https:\/\/dinrost.goteborg.se\/index.php?rest_route=%2Fwp%2Fv2%2Ftags&post=833"}],"curies":[{"name":"wp","href":"https:\/\/api.w.org\/{rel}","templated":true}]}}